{"id":846,"date":"2022-08-31T11:23:27","date_gmt":"2022-08-31T11:23:27","guid":{"rendered":"https:\/\/www.cidaut.es\/acelerapyme\/?p=846"},"modified":"2022-08-31T11:23:28","modified_gmt":"2022-08-31T11:23:28","slug":"modificacion-de-la-orden-de-bases-del-programa-de-ayudas-a-la-digitalizacion-empresarial-kit-digital","status":"publish","type":"post","link":"https:\/\/www.cidaut.es\/acelerapyme\/modificacion-de-la-orden-de-bases-del-programa-de-ayudas-a-la-digitalizacion-empresarial-kit-digital\/","title":{"rendered":"Modificaci\u00f3n de la orden de bases del programa de ayudas a la digitalizaci\u00f3n empresarial Kit Digital"},"content":{"rendered":"\n<div class=\"wp-block-image\"><figure class=\"aligncenter size-full is-resized\"><img decoding=\"async\" src=\"https:\/\/www.cidaut.es\/acelerapyme\/wp-content\/uploads\/2022\/08\/kit-digital_2.png\" alt=\"\" class=\"wp-image-871\" width=\"700\"\/><\/figure><\/div>\n\n\n\n<p>La entidad&nbsp;Red.es ha modificado la Orden ETD\/1498\/2021, de 29 de diciembre, por la que se aprobaron las&nbsp;bases reguladoras&nbsp;de la concesi\u00f3n de ayudas del programa Kit Digital para la digitalizaci\u00f3n de empresas, microempresas y aut\u00f3nomos. Entre otras cosas, se han introducido m\u00e1s categor\u00edas de solucione, se han ampliado las entidades beneficiarias y se han redefinido los plazos.<\/p>\n\n\n\n<p class=\"has-cyan-bluish-gray-color has-text-color\">Esmartcity<\/p>\n\n\n\n<p><\/p>\n\n\n\n<div class=\"wp-block-buttons is-layout-flex wp-block-buttons-is-layout-flex\">\n<div class=\"wp-block-button is-style-outline is-style-outline--1\"><a class=\"wp-block-button__link has-vivid-cyan-blue-color has-text-color\" href=\"https:\/\/www.esmartcity.es\/2022\/08\/01\/modificacion-orden-bases-programa-ayudas-digitalizacion-empresarial-kit-digital\" style=\"border-radius:10px\" target=\"_blank\" rel=\"noreferrer noopener\">Leer<\/a><\/div>\n<\/div>\n","protected":false},"excerpt":{"rendered":"<p>La entidad&nbsp;Red.es ha modificado la Orden ETD\/1498\/2021, de 29 de diciembre, por la que se aprobaron las&nbsp;bases reguladoras&nbsp;de la concesi\u00f3n de ayudas del programa Kit Digital para la digitalizaci\u00f3n de empresas, microempresas y aut\u00f3nomos. Entre otras cosas, se han introducido m\u00e1s categor\u00edas de solucione, se han ampliado las entidades beneficiarias y se han redefinido los [&hellip;]<\/p>\n","protected":false},"author":3,"featured_media":0,"comment_status":"open","ping_status":"open","sticky":false,"template":"","format":"standard","meta":{"_et_pb_use_builder":"","_et_pb_old_content":"","_et_gb_content_width":"","footnotes":""},"categories":[3],"tags":[],"class_list":["post-846","post","type-post","status-publish","format-standard","hentry","category-noticias"],"_links":{"self":[{"href":"https:\/\/www.cidaut.es\/acelerapyme\/wp-json\/wp\/v2\/posts\/846","targetHints":{"allow":["GET"]}}],"collection":[{"href":"https:\/\/www.cidaut.es\/acelerapyme\/wp-json\/wp\/v2\/posts"}],"about":[{"href":"https:\/\/www.cidaut.es\/acelerapyme\/wp-json\/wp\/v2\/types\/post"}],"author":[{"embeddable":true,"href":"https:\/\/www.cidaut.es\/acelerapyme\/wp-json\/wp\/v2\/users\/3"}],"replies":[{"embeddable":true,"href":"https:\/\/www.cidaut.es\/acelerapyme\/wp-json\/wp\/v2\/comments?post=846"}],"version-history":[{"count":2,"href":"https:\/\/www.cidaut.es\/acelerapyme\/wp-json\/wp\/v2\/posts\/846\/revisions"}],"predecessor-version":[{"id":889,"href":"https:\/\/www.cidaut.es\/acelerapyme\/wp-json\/wp\/v2\/posts\/846\/revisions\/889"}],"wp:attachment":[{"href":"https:\/\/www.cidaut.es\/acelerapyme\/wp-json\/wp\/v2\/media?parent=846"}],"wp:term":[{"taxonomy":"category","embeddable":true,"href":"https:\/\/www.cidaut.es\/acelerapyme\/wp-json\/wp\/v2\/categories?post=846"},{"taxonomy":"post_tag","embeddable":true,"href":"https:\/\/www.cidaut.es\/acelerapyme\/wp-json\/wp\/v2\/tags?post=846"}],"curies":[{"name":"wp","href":"https:\/\/api.w.org\/{rel}","templated":true}]}}