{"id":852,"date":"2022-08-25T12:51:06","date_gmt":"2022-08-25T12:51:06","guid":{"rendered":"https:\/\/www.cidaut.es\/acelerapyme\/?p=852"},"modified":"2022-09-29T13:51:46","modified_gmt":"2022-09-29T13:51:46","slug":"__trashed-3","status":"publish","type":"post","link":"https:\/\/www.cidaut.es\/acelerapyme\/__trashed-3\/","title":{"rendered":"La Inteligencia Artificial y su papel como motor empresarial: estado actual, mitos y retos"},"content":{"rendered":"\n<div class=\"wp-block-image\"><figure class=\"aligncenter size-full is-resized\"><img loading=\"lazy\" decoding=\"async\" src=\"https:\/\/www.cidaut.es\/acelerapyme\/wp-content\/uploads\/2022\/08\/ia_valor.png\" alt=\"\" class=\"wp-image-875\" width=\"600\" height=\"400\"\/><\/figure><\/div>\n\n\n\n<p>Plain Concepts ha lanzado &#8216;Tech Holders&#8217;, su podcast sobre innovaci\u00f3n tecnol\u00f3gica aplicada a negocio, donde se tratan soluciones tecnol\u00f3gicas para empresas a trav\u00e9s de casos de uso y entrevistas a profesionales del sector. El primer episodio, titulado \u2018La Inteligencia Artificial y su papel como motor empresarial\u2019, revela las barreras culturales y retos a nivel de gesti\u00f3n a los que tienen que hacer frente las empresas para impulsar proyectos de IA. <\/p>\n\n\n\n<p class=\"has-cyan-bluish-gray-color has-text-color\">Autom\u00e1tica e Instrumentaci\u00f3n&nbsp;<\/p>\n\n\n\n<p><\/p>\n\n\n\n<div class=\"wp-block-buttons is-layout-flex wp-block-buttons-is-layout-flex\">\n<div class=\"wp-block-button is-style-outline is-style-outline--1\"><a class=\"wp-block-button__link has-vivid-cyan-blue-color has-text-color\" href=\"https:\/\/www.automaticaeinstrumentacion.com\/texto-diario\/mostrar\/3581624\/inteligencia-artificial-papel-como-motor-empresarial-estado-actual-mitos-retos\" style=\"border-radius:10px\" target=\"_blank\" rel=\"noreferrer noopener\">Leer<\/a><\/div>\n<\/div>\n","protected":false},"excerpt":{"rendered":"<p>Plain Concepts ha lanzado &#8216;Tech Holders&#8217;, su podcast sobre innovaci\u00f3n tecnol\u00f3gica aplicada a negocio, donde se tratan soluciones tecnol\u00f3gicas para empresas a trav\u00e9s de casos de uso y entrevistas a profesionales del sector. El primer episodio, titulado \u2018La Inteligencia Artificial y su papel como motor empresarial\u2019, revela las barreras culturales y retos a nivel de [&hellip;]<\/p>\n","protected":false},"author":3,"featured_media":0,"comment_status":"open","ping_status":"open","sticky":false,"template":"","format":"standard","meta":{"_et_pb_use_builder":"","_et_pb_old_content":"","_et_gb_content_width":"","footnotes":""},"categories":[3],"tags":[],"class_list":["post-852","post","type-post","status-publish","format-standard","hentry","category-noticias"],"_links":{"self":[{"href":"https:\/\/www.cidaut.es\/acelerapyme\/wp-json\/wp\/v2\/posts\/852","targetHints":{"allow":["GET"]}}],"collection":[{"href":"https:\/\/www.cidaut.es\/acelerapyme\/wp-json\/wp\/v2\/posts"}],"about":[{"href":"https:\/\/www.cidaut.es\/acelerapyme\/wp-json\/wp\/v2\/types\/post"}],"author":[{"embeddable":true,"href":"https:\/\/www.cidaut.es\/acelerapyme\/wp-json\/wp\/v2\/users\/3"}],"replies":[{"embeddable":true,"href":"https:\/\/www.cidaut.es\/acelerapyme\/wp-json\/wp\/v2\/comments?post=852"}],"version-history":[{"count":5,"href":"https:\/\/www.cidaut.es\/acelerapyme\/wp-json\/wp\/v2\/posts\/852\/revisions"}],"predecessor-version":[{"id":925,"href":"https:\/\/www.cidaut.es\/acelerapyme\/wp-json\/wp\/v2\/posts\/852\/revisions\/925"}],"wp:attachment":[{"href":"https:\/\/www.cidaut.es\/acelerapyme\/wp-json\/wp\/v2\/media?parent=852"}],"wp:term":[{"taxonomy":"category","embeddable":true,"href":"https:\/\/www.cidaut.es\/acelerapyme\/wp-json\/wp\/v2\/categories?post=852"},{"taxonomy":"post_tag","embeddable":true,"href":"https:\/\/www.cidaut.es\/acelerapyme\/wp-json\/wp\/v2\/tags?post=852"}],"curies":[{"name":"wp","href":"https:\/\/api.w.org\/{rel}","templated":true}]}}