{"id":865,"date":"2022-08-31T11:22:23","date_gmt":"2022-08-31T11:22:23","guid":{"rendered":"https:\/\/www.cidaut.es\/acelerapyme\/?p=865"},"modified":"2022-08-31T11:22:23","modified_gmt":"2022-08-31T11:22:23","slug":"espana-asciende-posiciones-y-ya-es-septima-en-el-indice-de-economia-y-sociedad-digital","status":"publish","type":"post","link":"https:\/\/www.cidaut.es\/acelerapyme\/espana-asciende-posiciones-y-ya-es-septima-en-el-indice-de-economia-y-sociedad-digital\/","title":{"rendered":"Espa\u00f1a asciende posiciones y ya es s\u00e9ptima en el \u00cdndice de Econom\u00eda y Sociedad Digital"},"content":{"rendered":"\n<div class=\"wp-block-image\"><figure class=\"aligncenter size-full is-resized\"><img loading=\"lazy\" decoding=\"async\" src=\"https:\/\/www.cidaut.es\/acelerapyme\/wp-content\/uploads\/2022\/08\/empresas-digitalizacion.jpg\" alt=\"\" class=\"wp-image-870\" width=\"700\" height=\"400\"\/><\/figure><\/div>\n\n\n\n<p>El \u00edndice DESI, en el que la Comisi\u00f3n Europea recoge el nivel de desarrollo de la econom\u00eda y la sociedad digital ha visto como&nbsp;Espa\u00f1a asciende dos posiciones hasta situarse en el s\u00e9ptimo lugar&nbsp;de los Estados miembro.&nbsp;Pero adem\u00e1s y por segundo a\u00f1o consecutivo Espa\u00f1a se sit\u00faa como tercer pa\u00eds con mejor conectividad, destac\u00e1ndose como&nbsp;l\u00edder total europeo en cobertura de banda ancha fija.<\/p>\n\n\n\n<p class=\"has-cyan-bluish-gray-color has-text-color\">Silicon<\/p>\n\n\n\n<p><\/p>\n\n\n\n<div class=\"wp-block-buttons is-layout-flex wp-block-buttons-is-layout-flex\">\n<div class=\"wp-block-button is-style-outline is-style-outline--1\"><a class=\"wp-block-button__link has-vivid-cyan-blue-color has-text-color\" href=\"https:\/\/www.silicon.es\/espana-asciende-posiciones-y-ya-es-septima-en-el-indice-de-economia-y-sociedad-digital-2461766\" style=\"border-radius:10px\" target=\"_blank\" rel=\"noreferrer noopener\">Leer<\/a><\/div>\n<\/div>\n","protected":false},"excerpt":{"rendered":"<p>El \u00edndice DESI, en el que la Comisi\u00f3n Europea recoge el nivel de desarrollo de la econom\u00eda y la sociedad digital ha visto como&nbsp;Espa\u00f1a asciende dos posiciones hasta situarse en el s\u00e9ptimo lugar&nbsp;de los Estados miembro.&nbsp;Pero adem\u00e1s y por segundo a\u00f1o consecutivo Espa\u00f1a se sit\u00faa como tercer pa\u00eds con mejor conectividad, destac\u00e1ndose como&nbsp;l\u00edder total europeo [&hellip;]<\/p>\n","protected":false},"author":3,"featured_media":0,"comment_status":"open","ping_status":"open","sticky":false,"template":"","format":"standard","meta":{"_et_pb_use_builder":"","_et_pb_old_content":"","_et_gb_content_width":"","footnotes":""},"categories":[3],"tags":[],"class_list":["post-865","post","type-post","status-publish","format-standard","hentry","category-noticias"],"_links":{"self":[{"href":"https:\/\/www.cidaut.es\/acelerapyme\/wp-json\/wp\/v2\/posts\/865","targetHints":{"allow":["GET"]}}],"collection":[{"href":"https:\/\/www.cidaut.es\/acelerapyme\/wp-json\/wp\/v2\/posts"}],"about":[{"href":"https:\/\/www.cidaut.es\/acelerapyme\/wp-json\/wp\/v2\/types\/post"}],"author":[{"embeddable":true,"href":"https:\/\/www.cidaut.es\/acelerapyme\/wp-json\/wp\/v2\/users\/3"}],"replies":[{"embeddable":true,"href":"https:\/\/www.cidaut.es\/acelerapyme\/wp-json\/wp\/v2\/comments?post=865"}],"version-history":[{"count":2,"href":"https:\/\/www.cidaut.es\/acelerapyme\/wp-json\/wp\/v2\/posts\/865\/revisions"}],"predecessor-version":[{"id":884,"href":"https:\/\/www.cidaut.es\/acelerapyme\/wp-json\/wp\/v2\/posts\/865\/revisions\/884"}],"wp:attachment":[{"href":"https:\/\/www.cidaut.es\/acelerapyme\/wp-json\/wp\/v2\/media?parent=865"}],"wp:term":[{"taxonomy":"category","embeddable":true,"href":"https:\/\/www.cidaut.es\/acelerapyme\/wp-json\/wp\/v2\/categories?post=865"},{"taxonomy":"post_tag","embeddable":true,"href":"https:\/\/www.cidaut.es\/acelerapyme\/wp-json\/wp\/v2\/tags?post=865"}],"curies":[{"name":"wp","href":"https:\/\/api.w.org\/{rel}","templated":true}]}}