{"id":969,"date":"2022-10-28T10:52:20","date_gmt":"2022-10-28T10:52:20","guid":{"rendered":"https:\/\/www.cidaut.es\/acelerapyme\/?p=969"},"modified":"2022-10-28T10:52:20","modified_gmt":"2022-10-28T10:52:20","slug":"factura-electronica-en-europa-implantada-en-todos-los-paises-pero-solo-en-un-15-de-forma-voluntaria","status":"publish","type":"post","link":"https:\/\/www.cidaut.es\/acelerapyme\/factura-electronica-en-europa-implantada-en-todos-los-paises-pero-solo-en-un-15-de-forma-voluntaria\/","title":{"rendered":"Factura electr\u00f3nica en Europa: Implantada en todos los pa\u00edses, pero s\u00f3lo en un 15 % de forma voluntaria"},"content":{"rendered":"\n<div class=\"wp-block-image\"><figure class=\"aligncenter size-full is-resized\"><img loading=\"lazy\" decoding=\"async\" src=\"https:\/\/www.cidaut.es\/acelerapyme\/wp-content\/uploads\/2022\/10\/factura-electronica.jpg\" alt=\"\" class=\"wp-image-949\" width=\"700\" height=\"400\"\/><\/figure><\/div>\n\n\n\n<p>En Espa\u00f1a la factura electr\u00f3nica es obligatoria desde el a\u00f1o 2018 para las empresas subcontratistas del Estado fue el pasado mes de septiembre cuando el gobierno aprob\u00f3 laLey Crea y Crece, que obliga a empresas y aut\u00f3nomos a utilizar la factura electr\u00f3nica para sus relaciones comerciales.<\/p>\n\n\n\n<p class=\"has-cyan-bluish-gray-color has-text-color\">Silicon<\/p>\n\n\n\n<p><\/p>\n\n\n\n<div class=\"wp-block-buttons is-layout-flex wp-block-buttons-is-layout-flex\">\n<div class=\"wp-block-button is-style-outline is-style-outline--1\"><a class=\"wp-block-button__link has-vivid-cyan-blue-color has-text-color\" href=\"https:\/\/www.silicon.es\/factura-electronica-en-europa-implantada-en-todos-los-paises-pero-solo-en-un-15-de-forma-voluntaria-2466138\" style=\"border-radius:10px\">Leer<\/a><\/div>\n<\/div>\n","protected":false},"excerpt":{"rendered":"<p>En Espa\u00f1a la factura electr\u00f3nica es obligatoria desde el a\u00f1o 2018 para las empresas subcontratistas del Estado fue el pasado mes de septiembre cuando el gobierno aprob\u00f3 laLey Crea y Crece, que obliga a empresas y aut\u00f3nomos a utilizar la factura electr\u00f3nica para sus relaciones comerciales. Silicon<\/p>\n","protected":false},"author":3,"featured_media":0,"comment_status":"open","ping_status":"open","sticky":false,"template":"","format":"standard","meta":{"_et_pb_use_builder":"","_et_pb_old_content":"","_et_gb_content_width":"","footnotes":""},"categories":[3],"tags":[],"class_list":["post-969","post","type-post","status-publish","format-standard","hentry","category-noticias"],"_links":{"self":[{"href":"https:\/\/www.cidaut.es\/acelerapyme\/wp-json\/wp\/v2\/posts\/969","targetHints":{"allow":["GET"]}}],"collection":[{"href":"https:\/\/www.cidaut.es\/acelerapyme\/wp-json\/wp\/v2\/posts"}],"about":[{"href":"https:\/\/www.cidaut.es\/acelerapyme\/wp-json\/wp\/v2\/types\/post"}],"author":[{"embeddable":true,"href":"https:\/\/www.cidaut.es\/acelerapyme\/wp-json\/wp\/v2\/users\/3"}],"replies":[{"embeddable":true,"href":"https:\/\/www.cidaut.es\/acelerapyme\/wp-json\/wp\/v2\/comments?post=969"}],"version-history":[{"count":1,"href":"https:\/\/www.cidaut.es\/acelerapyme\/wp-json\/wp\/v2\/posts\/969\/revisions"}],"predecessor-version":[{"id":970,"href":"https:\/\/www.cidaut.es\/acelerapyme\/wp-json\/wp\/v2\/posts\/969\/revisions\/970"}],"wp:attachment":[{"href":"https:\/\/www.cidaut.es\/acelerapyme\/wp-json\/wp\/v2\/media?parent=969"}],"wp:term":[{"taxonomy":"category","embeddable":true,"href":"https:\/\/www.cidaut.es\/acelerapyme\/wp-json\/wp\/v2\/categories?post=969"},{"taxonomy":"post_tag","embeddable":true,"href":"https:\/\/www.cidaut.es\/acelerapyme\/wp-json\/wp\/v2\/tags?post=969"}],"curies":[{"name":"wp","href":"https:\/\/api.w.org\/{rel}","templated":true}]}}